{"id":343,"date":"2020-08-19T06:58:13","date_gmt":"2020-08-19T04:58:13","guid":{"rendered":"http:\/\/sonnenblick-pirna.de\/blog\/?p=343"},"modified":"2020-08-19T06:58:13","modified_gmt":"2020-08-19T04:58:13","slug":"kein-gartenfest-in-diesem-jahr","status":"publish","type":"post","link":"http:\/\/sonnenblick-pirna.de\/blog\/2020\/08\/19\/kein-gartenfest-in-diesem-jahr\/","title":{"rendered":"kein Gartenfest in diesem Jahr"},"content":{"rendered":"<p>Unser f\u00fcr dieses Jahr geplantes Gartenfest vom 28. bis 30.08.2020 k\u00f6nnen wir leider auf Grund der Vorgaben zur Hygienekonzeption nicht durchf\u00fchren.<\/p>\n<p>Wir hoffen, dass sich im n\u00e4chsten Jahr wieder neue M\u00f6glichkeiten ergeben und wir 2021 wieder gemeinsam feiern k\u00f6nnen.<\/p>\n","protected":false},"excerpt":{"rendered":"<p>Unser f\u00fcr dieses Jahr geplantes Gartenfest vom 28. bis 30.08.2020 k\u00f6nnen wir leider auf Grund der Vorgaben zur Hygienekonzeption nicht durchf\u00fchren. Wir hoffen, dass sich im n\u00e4chsten Jahr wieder neue M\u00f6glichkeiten ergeben und wir 2021 wieder gemeinsam feiern k\u00f6nnen.<\/p>\n","protected":false},"author":1,"featured_media":0,"comment_status":"closed","ping_status":"open","sticky":false,"template":"","format":"standard","meta":{"footnotes":""},"categories":[1],"tags":[],"class_list":["post-343","post","type-post","status-publish","format-standard","hentry","category-uncategorized"],"_links":{"self":[{"href":"http:\/\/sonnenblick-pirna.de\/blog\/wp-json\/wp\/v2\/posts\/343","targetHints":{"allow":["GET"]}}],"collection":[{"href":"http:\/\/sonnenblick-pirna.de\/blog\/wp-json\/wp\/v2\/posts"}],"about":[{"href":"http:\/\/sonnenblick-pirna.de\/blog\/wp-json\/wp\/v2\/types\/post"}],"author":[{"embeddable":true,"href":"http:\/\/sonnenblick-pirna.de\/blog\/wp-json\/wp\/v2\/users\/1"}],"replies":[{"embeddable":true,"href":"http:\/\/sonnenblick-pirna.de\/blog\/wp-json\/wp\/v2\/comments?post=343"}],"version-history":[{"count":1,"href":"http:\/\/sonnenblick-pirna.de\/blog\/wp-json\/wp\/v2\/posts\/343\/revisions"}],"predecessor-version":[{"id":344,"href":"http:\/\/sonnenblick-pirna.de\/blog\/wp-json\/wp\/v2\/posts\/343\/revisions\/344"}],"wp:attachment":[{"href":"http:\/\/sonnenblick-pirna.de\/blog\/wp-json\/wp\/v2\/media?parent=343"}],"wp:term":[{"taxonomy":"category","embeddable":true,"href":"http:\/\/sonnenblick-pirna.de\/blog\/wp-json\/wp\/v2\/categories?post=343"},{"taxonomy":"post_tag","embeddable":true,"href":"http:\/\/sonnenblick-pirna.de\/blog\/wp-json\/wp\/v2\/tags?post=343"}],"curies":[{"name":"wp","href":"https:\/\/api.w.org\/{rel}","templated":true}]}}