{"id":363,"date":"2021-04-14T20:41:25","date_gmt":"2021-04-14T18:41:25","guid":{"rendered":"http:\/\/sonnenblick-pirna.de\/blog\/?p=363"},"modified":"2021-04-14T20:41:26","modified_gmt":"2021-04-14T18:41:26","slug":"termine-2021","status":"publish","type":"post","link":"http:\/\/sonnenblick-pirna.de\/blog\/2021\/04\/14\/termine-2021\/","title":{"rendered":"Termine 2021"},"content":{"rendered":"\n<p>Die f\u00fcr dieses Jahr geplanten Termine h\u00e4ngen von der weiteren Entwicklung der massiven Beschr\u00e4nkungen unseres Lebens ab. Aber wir stecken den Kopf nicht in den Sand oder die Gartenerde und hoffen, dass wir auch die Termine im September durchf\u00fchren k\u00f6nnen.<\/p>\n\n\n\n<p>27.03.21 Wasseranstellen<\/p>\n\n\n\n<p>04.09.21 Gartenfest, wenn wir denn d\u00fcrfen<\/p>\n\n\n\n<p>18.09.21 Mitgliederversammlung \/ Vorstandswahl<\/p>\n\n\n\n<p>30.10.21 Wasserabstellen \/ Ablesen der Z\u00e4hlerst\u00e4nde<\/p>\n","protected":false},"excerpt":{"rendered":"<p>Die f\u00fcr dieses Jahr geplanten Termine h\u00e4ngen von der weiteren Entwicklung der massiven Beschr\u00e4nkungen unseres Lebens ab. Aber wir stecken den Kopf nicht in den Sand oder die Gartenerde und hoffen, dass wir auch die Termine im September durchf\u00fchren k\u00f6nnen. 27.03.21 Wasseranstellen 04.09.21 Gartenfest, wenn wir denn d\u00fcrfen 18.09.21 Mitgliederversammlung \/ Vorstandswahl 30.10.21 Wasserabstellen \/ [&hellip;]<\/p>\n","protected":false},"author":1,"featured_media":0,"comment_status":"closed","ping_status":"open","sticky":false,"template":"","format":"standard","meta":{"footnotes":""},"categories":[1],"tags":[],"class_list":["post-363","post","type-post","status-publish","format-standard","hentry","category-uncategorized"],"_links":{"self":[{"href":"http:\/\/sonnenblick-pirna.de\/blog\/wp-json\/wp\/v2\/posts\/363","targetHints":{"allow":["GET"]}}],"collection":[{"href":"http:\/\/sonnenblick-pirna.de\/blog\/wp-json\/wp\/v2\/posts"}],"about":[{"href":"http:\/\/sonnenblick-pirna.de\/blog\/wp-json\/wp\/v2\/types\/post"}],"author":[{"embeddable":true,"href":"http:\/\/sonnenblick-pirna.de\/blog\/wp-json\/wp\/v2\/users\/1"}],"replies":[{"embeddable":true,"href":"http:\/\/sonnenblick-pirna.de\/blog\/wp-json\/wp\/v2\/comments?post=363"}],"version-history":[{"count":3,"href":"http:\/\/sonnenblick-pirna.de\/blog\/wp-json\/wp\/v2\/posts\/363\/revisions"}],"predecessor-version":[{"id":366,"href":"http:\/\/sonnenblick-pirna.de\/blog\/wp-json\/wp\/v2\/posts\/363\/revisions\/366"}],"wp:attachment":[{"href":"http:\/\/sonnenblick-pirna.de\/blog\/wp-json\/wp\/v2\/media?parent=363"}],"wp:term":[{"taxonomy":"category","embeddable":true,"href":"http:\/\/sonnenblick-pirna.de\/blog\/wp-json\/wp\/v2\/categories?post=363"},{"taxonomy":"post_tag","embeddable":true,"href":"http:\/\/sonnenblick-pirna.de\/blog\/wp-json\/wp\/v2\/tags?post=363"}],"curies":[{"name":"wp","href":"https:\/\/api.w.org\/{rel}","templated":true}]}}