{"id":428,"date":"2023-05-03T11:41:00","date_gmt":"2023-05-03T09:41:00","guid":{"rendered":"http:\/\/sonnenblick-pirna.de\/blog\/?p=428"},"modified":"2023-05-03T12:07:30","modified_gmt":"2023-05-03T10:07:30","slug":"einladung-zur-mitgliederversammlung","status":"publish","type":"post","link":"http:\/\/sonnenblick-pirna.de\/blog\/2023\/05\/03\/einladung-zur-mitgliederversammlung\/","title":{"rendered":"Einladung zur Mitgliederversammlung"},"content":{"rendered":"\n<p class=\"has-text-align-center\">&nbsp;&nbsp;&nbsp;&nbsp;&nbsp;&nbsp;&nbsp;&nbsp;&nbsp;&nbsp;&nbsp; Sehr geehrte Gartenfreunde und Gartenfreundinnen,<\/p>\n\n\n\n<p class=\"has-text-align-center\">&nbsp;&nbsp;&nbsp;&nbsp;&nbsp;&nbsp;&nbsp;&nbsp;&nbsp;&nbsp;&nbsp; hiermit l\u00e4dt der Vorstand Sie gem. \u00a7 7 unserer Satzung fristgerecht zur<\/p>\n\n\n\n<p class=\"has-text-align-center\">&nbsp;&nbsp;&nbsp;&nbsp;&nbsp;&nbsp;&nbsp;&nbsp;&nbsp;&nbsp;&nbsp; ordentlichen Mitgliederversammlung f\u00fcr das Gartenjahr 2023 ein.<\/p>\n\n\n\n<p class=\"has-text-align-center\"><strong>Die Mitgliederversammlung findet statt am<\/strong><\/p>\n\n\n\n<p class=\"has-text-align-center\"><strong>Samstag, den 13. Mai 2023, 09:00 Uhr<\/strong><\/p>\n\n\n\n<p class=\"has-text-align-center\"><strong>in der Mehrzweckhalle unserer Sparte.<\/strong><\/p>\n\n\n\n<div class=\"wp-block-group\"><div class=\"wp-block-group__inner-container is-layout-flow wp-block-group-is-layout-flow\">\n<p><strong>Tagesordnung:<\/strong><br><br>Er\u00f6ffnung und Begr\u00fc\u00dfung<\/p>\n\n\n\n<p>Wahl der Versammlungsleitung<\/p>\n\n\n\n<p>Feststellung der Beschlussf\u00e4higkeit und der anwesenden Stimmen<\/p>\n\n\n\n<p>Feststellung der Tagesordnung<\/p>\n\n\n\n<p>Berichte des Vorstandes<\/p>\n\n\n\n<p>Bericht der Kassenpr\u00fcfer<\/p>\n\n\n\n<p>Aussprache zu den Berichten<\/p>\n\n\n\n<p>Entlastung des Vorstandes f\u00fcr 2021<\/p>\n\n\n\n<p>Neuwahl der Kassiererin<\/p>\n\n\n\n<p>Antr\u00e4ge und Beschl\u00fcsse<\/p>\n<\/div><\/div>\n\n\n\n<p>Anregungen und Vorschl\u00e4ge zur Tagesordnung oder zu Beschl\u00fcssen bitte bis zum 05.Mai 2023 schriftlich an den Vorstand (Briefkasten am B\u00fcro).<\/p>\n\n\n\n<p>Mit freundlichen Gr\u00fc\u00dfen<\/p>\n\n\n\n<p>Olaf Watzke<\/p>\n\n\n\n<p>Vorsitzender<\/p>\n\n\n\n<p>Pirna am 13.April 2023<\/p>\n\n\n\n<div class=\"wp-block-file\"><a href=\"http:\/\/sonnenblick-pirna.de\/blog\/wp-content\/uploads\/2023\/05\/23Einladung_compressed.pdf\">Einladung als pdf<\/a><a href=\"http:\/\/sonnenblick-pirna.de\/blog\/wp-content\/uploads\/2023\/05\/23Einladung_compressed.pdf\" class=\"wp-block-file__button\" download>Herunterladen<\/a><\/div>\n","protected":false},"excerpt":{"rendered":"<p>&nbsp;&nbsp;&nbsp;&nbsp;&nbsp;&nbsp;&nbsp;&nbsp;&nbsp;&nbsp;&nbsp; Sehr geehrte Gartenfreunde und Gartenfreundinnen, &nbsp;&nbsp;&nbsp;&nbsp;&nbsp;&nbsp;&nbsp;&nbsp;&nbsp;&nbsp;&nbsp; hiermit l\u00e4dt der Vorstand Sie gem. \u00a7 7 unserer Satzung fristgerecht zur &nbsp;&nbsp;&nbsp;&nbsp;&nbsp;&nbsp;&nbsp;&nbsp;&nbsp;&nbsp;&nbsp; ordentlichen Mitgliederversammlung f\u00fcr das Gartenjahr 2023 ein. Die Mitgliederversammlung findet statt am Samstag, den 13. Mai 2023, 09:00 Uhr in der Mehrzweckhalle unserer Sparte. Tagesordnung: Er\u00f6ffnung und Begr\u00fc\u00dfung Wahl der Versammlungsleitung Feststellung der Beschlussf\u00e4higkeit und [&hellip;]<\/p>\n","protected":false},"author":1,"featured_media":0,"comment_status":"closed","ping_status":"open","sticky":false,"template":"","format":"standard","meta":{"footnotes":""},"categories":[1],"tags":[],"class_list":["post-428","post","type-post","status-publish","format-standard","hentry","category-uncategorized"],"_links":{"self":[{"href":"http:\/\/sonnenblick-pirna.de\/blog\/wp-json\/wp\/v2\/posts\/428","targetHints":{"allow":["GET"]}}],"collection":[{"href":"http:\/\/sonnenblick-pirna.de\/blog\/wp-json\/wp\/v2\/posts"}],"about":[{"href":"http:\/\/sonnenblick-pirna.de\/blog\/wp-json\/wp\/v2\/types\/post"}],"author":[{"embeddable":true,"href":"http:\/\/sonnenblick-pirna.de\/blog\/wp-json\/wp\/v2\/users\/1"}],"replies":[{"embeddable":true,"href":"http:\/\/sonnenblick-pirna.de\/blog\/wp-json\/wp\/v2\/comments?post=428"}],"version-history":[{"count":3,"href":"http:\/\/sonnenblick-pirna.de\/blog\/wp-json\/wp\/v2\/posts\/428\/revisions"}],"predecessor-version":[{"id":432,"href":"http:\/\/sonnenblick-pirna.de\/blog\/wp-json\/wp\/v2\/posts\/428\/revisions\/432"}],"wp:attachment":[{"href":"http:\/\/sonnenblick-pirna.de\/blog\/wp-json\/wp\/v2\/media?parent=428"}],"wp:term":[{"taxonomy":"category","embeddable":true,"href":"http:\/\/sonnenblick-pirna.de\/blog\/wp-json\/wp\/v2\/categories?post=428"},{"taxonomy":"post_tag","embeddable":true,"href":"http:\/\/sonnenblick-pirna.de\/blog\/wp-json\/wp\/v2\/tags?post=428"}],"curies":[{"name":"wp","href":"https:\/\/api.w.org\/{rel}","templated":true}]}}